{"id":1039,"date":"2011-09-02T14:31:04","date_gmt":"2011-09-02T13:31:04","guid":{"rendered":"http:\/\/pulafit.hr\/wp\/?p=1039"},"modified":"2011-09-09T21:54:33","modified_gmt":"2011-09-09T20:54:33","slug":"raspored-treninga-jesen-zima-2011-2012","status":"publish","type":"post","link":"http:\/\/pulafit.hr\/wp\/?p=1039","title":{"rendered":"Raspored treninga  jesen &#8211; zima 2011 \/2012"},"content":{"rendered":"<p style=\"text-align: center;\"><strong><a href=\"http:\/\/pulafit.hr\/wp\/wp-content\/uploads\/2011\/09\/judoka.bmp\"><img decoding=\"async\" class=\"aligncenter size-full wp-image-1040\" title=\"judoka\" src=\"http:\/\/pulafit.hr\/wp\/wp-content\/uploads\/2011\/09\/judoka.bmp\" alt=\"\" \/><\/a><\/strong><\/p>\n<p style=\"text-align: center;\"><strong>VR\u0160I SE UPIS NOVIH \u010cLANOVA <\/strong><strong>u judo \u0161kolu i judo vrti\u0107\u00a0ponedjeljak , srijeda i petak \u00a0od 18,00 sati .<\/strong><\/p>\n<p style=\"text-align: center;\"><strong>PO\u010cETAK TRENINGA U DVORANI \u2013 PULA<\/strong><br \/>\n<strong>05.09.2011. ( ponedjeljak ) prema satnici pojedinih grupa.<\/strong><br \/>\nTreninzi se i dalje odr\u017eavaju u dvorani Pula \u2013 Trg 1. Istarske brigade 10 \/II ( iznad Italuniona ) prema slijede\u0107em rasporedu:<\/p>\n<p style=\"text-align: center;\"><strong>PONEDJELJAK , SRIJEDA i PETAK :<\/strong><br \/>\n18,00 \u2013 19,10 sati grupa 2 \u2013 trenerica Sabine Avdovi\u0107, 2. DAN<br \/>\n19,15 \u2013 20,25 sati grupa 3 \u2013 trener Anto Prgomet, 6. DAN<br \/>\n20,30 \u2013 21,50 sati grupa 4 \u2013 trener Anto Prgomet, 6. DAN<\/p>\n<p style=\"text-align: center;\"><strong>UTORAK i \u010cETVRTAK :<\/strong><br \/>\n19,00 \u2013 20,10 sati JUDO VRTI\u0106 \u2013 trening i upis novih \u010dlanova<br \/>\n20,15 \u2013 21,45 sati JUDO KATE i vje\u017ebanje tehnika za pojaseve<\/p>\n<p style=\"text-align: center;\"><strong>Individualni treninzi, i dopunski treninzi i teretana \u2013 prema posebnom dogovoru sa trenerom ( jutarnji trening ).<\/strong><\/p>\n<p style=\"text-align: center;\">SUBOTA i NEDJELJA \u2013 natjecanja. Spisak po grupama bit \u0107e dostavljen trenerima.<\/p>\n<p style=\"text-align: center;\"><strong>TRENINZI SEKCIJA BARBAN &#8211; \u201d stara osnovna \u0161kola\u201d <\/strong><\/p>\n<p style=\"text-align: center;\">Trener Anto Prgomet, 6. DAN i Martina Prgomet Jovanovi\u0107 2. DAN<\/p>\n<p style=\"text-align: center;\"><strong>PO\u010cETAK TRENINGA 06.09. 2011. godine <\/strong><br \/>\n<strong>UTORAK\u00a0i \u010cETVRTAK<\/strong> od 19,00 \u2013 20,45 sati. \u2013 sve grupe i upisi novih \u010dlanova.<br \/>\n<strong>SUBOTA <\/strong>&#8211; jutarnji trening prema dogovoru<\/p>\n<p style=\"text-align: center;\"><strong>TRENINZI SEKCIJA \u017dMINJ \u2013 \u201d sportska dvorana osnovne \u0161kole \u201c<\/strong><\/p>\n<p style=\"text-align: center;\"><strong>\u00a0<\/strong>Trener Anto Prgomet, 6. DAN i Martina Prgomet Jovanovi\u0107 2. DAN<\/p>\n<p style=\"text-align: center;\"><strong>PO\u010cETAK\u00a0 TRENINGA 06.09.2011. GODINE<\/strong><br \/>\n<strong>UTORAK\u00a0i \u010cETVRTAK <\/strong>\u00a0od 17,00- 18,25 sati \u2013 sve grupe i upisi novih \u010dlanova.<\/p>\n","protected":false},"excerpt":{"rendered":"<p>VR\u0160I SE UPIS NOVIH \u010cLANOVA u judo \u0161kolu i judo vrti\u0107\u00a0ponedjeljak , srijeda i petak \u00a0od 18,00 sati . PO\u010cETAK TRENINGA U DVORANI \u2013 PULA 05.09.2011. ( ponedjeljak ) prema satnici pojedinih grupa. Treninzi se i dalje odr\u017eavaju u dvorani Pula \u2013 Trg 1. Istarske brigade 10 \/II ( iznad Italuniona ) prema slijede\u0107em rasporedu: [&hellip;]<\/p>\n","protected":false},"author":1,"featured_media":0,"comment_status":"closed","ping_status":"closed","sticky":false,"template":"","format":"standard","meta":[],"categories":[30,31,10],"tags":[],"_links":{"self":[{"href":"http:\/\/pulafit.hr\/wp\/index.php?rest_route=\/wp\/v2\/posts\/1039"}],"collection":[{"href":"http:\/\/pulafit.hr\/wp\/index.php?rest_route=\/wp\/v2\/posts"}],"about":[{"href":"http:\/\/pulafit.hr\/wp\/index.php?rest_route=\/wp\/v2\/types\/post"}],"author":[{"embeddable":true,"href":"http:\/\/pulafit.hr\/wp\/index.php?rest_route=\/wp\/v2\/users\/1"}],"replies":[{"embeddable":true,"href":"http:\/\/pulafit.hr\/wp\/index.php?rest_route=%2Fwp%2Fv2%2Fcomments&post=1039"}],"version-history":[{"count":8,"href":"http:\/\/pulafit.hr\/wp\/index.php?rest_route=\/wp\/v2\/posts\/1039\/revisions"}],"predecessor-version":[{"id":1050,"href":"http:\/\/pulafit.hr\/wp\/index.php?rest_route=\/wp\/v2\/posts\/1039\/revisions\/1050"}],"wp:attachment":[{"href":"http:\/\/pulafit.hr\/wp\/index.php?rest_route=%2Fwp%2Fv2%2Fmedia&parent=1039"}],"wp:term":[{"taxonomy":"category","embeddable":true,"href":"http:\/\/pulafit.hr\/wp\/index.php?rest_route=%2Fwp%2Fv2%2Fcategories&post=1039"},{"taxonomy":"post_tag","embeddable":true,"href":"http:\/\/pulafit.hr\/wp\/index.php?rest_route=%2Fwp%2Fv2%2Ftags&post=1039"}],"curies":[{"name":"wp","href":"https:\/\/api.w.org\/{rel}","templated":true}]}}