{"id":1194,"date":"2012-11-26T12:50:50","date_gmt":"2012-11-26T11:50:50","guid":{"rendered":"http:\/\/pulafit.hr\/wp\/?p=1194"},"modified":"2012-11-28T12:54:12","modified_gmt":"2012-11-28T11:54:12","slug":"meduzupanijska-judo-liga-ippon-20112-pula","status":"publish","type":"post","link":"http:\/\/pulafit.hr\/wp\/?p=1194","title":{"rendered":"Me\u0111u\u017eupanijska judo liga &#8221; IPPON 2012&#8243; Pula"},"content":{"rendered":"<p style=\"text-align: center;\"><a href=\"http:\/\/pulafit.hr\/wp\/wp-content\/uploads\/2012\/11\/jk-pulafit_ippon.jpg\"><img decoding=\"async\" loading=\"lazy\" class=\"aligncenter size-full wp-image-1195\" title=\"jk pulafit_ippon\" src=\"http:\/\/pulafit.hr\/wp\/wp-content\/uploads\/2012\/11\/jk-pulafit_ippon.jpg\" alt=\"\" width=\"500\" height=\"375\" srcset=\"http:\/\/pulafit.hr\/wp\/wp-content\/uploads\/2012\/11\/jk-pulafit_ippon.jpg 500w, http:\/\/pulafit.hr\/wp\/wp-content\/uploads\/2012\/11\/jk-pulafit_ippon-300x225.jpg 300w\" sizes=\"(max-width: 500px) 100vw, 500px\" \/><\/a><\/p>\n<p>Dana 25.11.2012. godine u puli odr\u017eano je zadnje kolo me\u0111u\u017eupanijske judo lige ( Primorsko -goranska i Istarska \u017eupanija) na natjecanju nastupilo 201 natjecatelj iz 8 klubova.<\/p>\n<p>Nakon \u010detiri nastupa u me\u0111u\u017eupanijskoj judo ligi na\u0161i natjecatelji osvojili su <strong>SVEUKUPNO\u00a0 2. MJESTO sa 533 boda.<\/strong><br \/>\nU pojedina\u010dnom natjecanju postigli su slijede\u0107e plasmane:<\/p>\n<p><strong>GRUPA 1: DJE\u010cACI \u00a0r.\u00a0\u00a02004-2005 godine &#8211; newaza<\/strong><br \/>\n-22 kg LJUBI\u010cI\u0106 LEON 1. mjesto<br \/>\n-22 kg MODRU\u0160AN MIHAEL 2.mjesto<br \/>\n-25 kg U\u0160I\u0106 DANIJEL 9.mjesto<br \/>\n-25 kg VUJICA ROBERT 9. mjesto<br \/>\n-28 kg VELI\u010cKOVI\u0106 LUIS 1.mjesto<br \/>\n-28 kg DANKI\u0106 MATIJA 5.mjesto<br \/>\n-28 kg RADOLOVI\u0106 EDVARD 7.mjesto<br \/>\n-28 kg DROBAC JOHAN 7.mjesto<br \/>\n-28 kg BODUL LUKA 9. mjesto<br \/>\n-28 kg LAZARI\u0106 DAVID 9.mjesto<br \/>\n-32 kg JARI\u0106 LENARD 3.mjesto<br \/>\n-36 kg ZIDARI\u0106 DINO 3.mjesto<br \/>\n-36 kg BODUL MARKO 7.mjesto<br \/>\n-40 kg RADOLOVI\u0106 FRAN 1.mjesto<br \/>\n-40 kg MATO\u0160EVI\u0106 FABIAN 2.mjesto<br \/>\n-40 kg KRAJINOVI\u0106 ILIJAN 9.mjesto<br \/>\n+40 kg PERU\u0160KO KARLO 7.mjesto<\/p>\n<p><strong>GRUPA 2. DJEVOJ\u010cICE r. 2004. i 2005 godine &#8211; ne waza<\/strong><br \/>\n-22 kg LJUBI\u010cI\u0106 LARA 1. mjesto<br \/>\n-22 kg BURAZEROVI\u0106 NIKA 2. mjesto<br \/>\n-22 kg MALETI\u0106 MELISA 3. mjesto<br \/>\n-28 kg DUJMOVI\u0106 ANA 1. mjesto<br \/>\n-28 kg ZIDARI\u0106 MAJA 3.mjesto<br \/>\n+28 kg PERKOVI\u0106 FILIPPA 5.mjesto<\/p>\n<p><strong>GRUPA 3. DJE\u010cACI r. 2002-2003 godine ne waza<\/strong><br \/>\n-30 kg KUTI\u0106 VITO 3.mjesto<br \/>\n-34 kg RUDELA BORNA 9.mjesto<br \/>\n-42 kg VUJICA BORIS 3.mjesto<br \/>\n-42 kg MUJAKI\u0106 AMEL 5.mjesto<br \/>\n-46 kg MUHI\u0106 ELDIN 1.mjesto<br \/>\n+50 kg MR\u0160I\u0106 IVAN 2.mjesto<\/p>\n<p><strong>GRUPA 4. DJEVOJ\u010cICE r. 2002-2003 godine ne waza<\/strong><br \/>\n-28 kg BURAZEROVI\u0106 BARBARA 3.mjesto<br \/>\n-35 kg KORENI\u0106 TEA 3.mjesto<\/p>\n<p><strong>GRUPA 5. \u00a0DJE\u010cACI\u00a0r. 1999,2000,2001 godine tachi waza<\/strong><br \/>\n-38 kg MARKOVI\u0106 PATRIK 5.mjesto<br \/>\n-42 kg PETEH MANUEL 3. mjesto<br \/>\n-42 kg GRGORINI\u0106 LUKA 3. mjesto<br \/>\n-42 kg LICUL IVAN 5. mjesto<br \/>\n-50 kg MILI\u010cEVI\u0106 ANTONIO 1.mjesto<br \/>\n-55 kg MAR\u0160I\u0106 MATE 2.mjesto<br \/>\n-66 kg KORENI\u0106 PATRIK 3.mjesto<br \/>\n+66 kg PAVLI\u0106 FILIP 5.mjesto<\/p>\n<p style=\"text-align: center;\"><a href=\"http:\/\/pulafit.hr\/wp\/wp-content\/uploads\/2012\/11\/ekipno-2-mj-Lara-i-Eldin.jpg\"><img decoding=\"async\" loading=\"lazy\" class=\"aligncenter size-full wp-image-1196\" title=\"ekipno 2 mj Lara i Eldin\" src=\"http:\/\/pulafit.hr\/wp\/wp-content\/uploads\/2012\/11\/ekipno-2-mj-Lara-i-Eldin.jpg\" alt=\"\" width=\"500\" height=\"375\" srcset=\"http:\/\/pulafit.hr\/wp\/wp-content\/uploads\/2012\/11\/ekipno-2-mj-Lara-i-Eldin.jpg 500w, http:\/\/pulafit.hr\/wp\/wp-content\/uploads\/2012\/11\/ekipno-2-mj-Lara-i-Eldin-300x225.jpg 300w\" sizes=\"(max-width: 500px) 100vw, 500px\" \/><\/a><\/p>\n","protected":false},"excerpt":{"rendered":"<p>Dana 25.11.2012. godine u puli odr\u017eano je zadnje kolo me\u0111u\u017eupanijske judo lige ( Primorsko -goranska i Istarska \u017eupanija) na natjecanju nastupilo 201 natjecatelj iz 8 klubova. Nakon \u010detiri nastupa u me\u0111u\u017eupanijskoj judo ligi na\u0161i natjecatelji osvojili su SVEUKUPNO\u00a0 2. MJESTO sa 533 boda. U pojedina\u010dnom natjecanju postigli su slijede\u0107e plasmane: GRUPA 1: DJE\u010cACI \u00a0r.\u00a0\u00a02004-2005 godine [&hellip;]<\/p>\n","protected":false},"author":1,"featured_media":0,"comment_status":"closed","ping_status":"closed","sticky":false,"template":"","format":"standard","meta":[],"categories":[9],"tags":[],"_links":{"self":[{"href":"http:\/\/pulafit.hr\/wp\/index.php?rest_route=\/wp\/v2\/posts\/1194"}],"collection":[{"href":"http:\/\/pulafit.hr\/wp\/index.php?rest_route=\/wp\/v2\/posts"}],"about":[{"href":"http:\/\/pulafit.hr\/wp\/index.php?rest_route=\/wp\/v2\/types\/post"}],"author":[{"embeddable":true,"href":"http:\/\/pulafit.hr\/wp\/index.php?rest_route=\/wp\/v2\/users\/1"}],"replies":[{"embeddable":true,"href":"http:\/\/pulafit.hr\/wp\/index.php?rest_route=%2Fwp%2Fv2%2Fcomments&post=1194"}],"version-history":[{"count":5,"href":"http:\/\/pulafit.hr\/wp\/index.php?rest_route=\/wp\/v2\/posts\/1194\/revisions"}],"predecessor-version":[{"id":1201,"href":"http:\/\/pulafit.hr\/wp\/index.php?rest_route=\/wp\/v2\/posts\/1194\/revisions\/1201"}],"wp:attachment":[{"href":"http:\/\/pulafit.hr\/wp\/index.php?rest_route=%2Fwp%2Fv2%2Fmedia&parent=1194"}],"wp:term":[{"taxonomy":"category","embeddable":true,"href":"http:\/\/pulafit.hr\/wp\/index.php?rest_route=%2Fwp%2Fv2%2Fcategories&post=1194"},{"taxonomy":"post_tag","embeddable":true,"href":"http:\/\/pulafit.hr\/wp\/index.php?rest_route=%2Fwp%2Fv2%2Ftags&post=1194"}],"curies":[{"name":"wp","href":"https:\/\/api.w.org\/{rel}","templated":true}]}}