{"id":1304,"date":"2013-04-02T11:04:03","date_gmt":"2013-04-02T10:04:03","guid":{"rendered":"http:\/\/pulafit.hr\/wp\/?p=1304"},"modified":"2013-04-09T21:20:08","modified_gmt":"2013-04-09T20:20:08","slug":"meduzupanijska-judo-liga-ippon-2013-labin","status":"publish","type":"post","link":"http:\/\/pulafit.hr\/wp\/?p=1304","title":{"rendered":"Me\u0111u\u017eupanijska judo liga &#8220;IPPON 2013&#8221; Labin"},"content":{"rendered":"<p style=\"text-align: center;\"><a href=\"http:\/\/pulafit.hr\/wp\/?attachment_id=1305\" rel=\"attachment wp-att-1305\"><img decoding=\"async\" loading=\"lazy\" class=\"aligncenter size-full wp-image-1305\" alt=\"jkpulafit_Labin2013\" src=\"http:\/\/pulafit.hr\/wp\/wp-content\/uploads\/2013\/04\/jkpulafit_Labin2013.jpg\" width=\"500\" height=\"375\" srcset=\"http:\/\/pulafit.hr\/wp\/wp-content\/uploads\/2013\/04\/jkpulafit_Labin2013.jpg 500w, http:\/\/pulafit.hr\/wp\/wp-content\/uploads\/2013\/04\/jkpulafit_Labin2013-300x225.jpg 300w\" sizes=\"(max-width: 500px) 100vw, 500px\" \/><\/a><\/p>\n<p style=\"text-align: center;\">\u010dlanovi judo kluba &#8221; Pulafit&#8221; Pula- me\u0111u\u017eupanijska judo liga Labin 2013.<\/p>\n<p style=\"text-align: left;\">Dana 24.03.2013. godine u Labinu je odr\u017eano prvo kolo me\u0111u\u017eupanijske judo lige &#8221; IPPON 2013 &#8221; na ligi je nastupilo 8 klubova iz ( Istarsko &#8211; Primorsko goranske regije ) , a na\u0161 klub je nastupio sa 40 natjecatelja koji su postigli slijede\u0107e rezultate:<\/p>\n<p style=\"text-align: left;\"><strong>EKIPNO SA 96 BODOVA 3. MJESTO<\/strong><\/p>\n<p><strong>GRUPA 1. DJE\u010cACI ro\u0111eni 2004,2005,2006 godine<\/strong><br \/>\n-24 kg LJUBI\u010cI\u0106 LEON 3. mjesto<br \/>\n-24 kg MODRU\u0160AN MIHAEL 5. mjesto<br \/>\n-24 kg STAR\u010cI\u0106 KARLO 5. mjesto<br \/>\n-27 kg U\u0160I\u0106 DANIEL 2. mjesto<br \/>\n-27 kg\u00a0 ZVEKI\u0106 SANJIN 7. mjesto<br \/>\n-27 kg BODUL LUKA 9. mjesto<br \/>\n-27 kg KRNJUS KARLO 9.mjesto<br \/>\n-27 kg VUJICA ROBERT 11.mjesto<br \/>\n-30 kg JARI\u0106 LENARD 3. mjesto<br \/>\n-30 kg VELI\u010cKOVI\u0106 LUIS 3. mjesto<br \/>\n-30 kg DROBAC JOHAN 7. mjesto<br \/>\n-30 kg\u00a0 DANKI\u0106 MATIJA 7. mjesto<br \/>\n-30 kg RADOLOVI\u0106 EDVARD 9. mjesto<br \/>\n-30 kg BARI\u0160A ERIK 9. mjesto<br \/>\n-30 kg ROJNI\u0106 DOMINIK 11. mjesto<br \/>\n-30 kg LAZARI\u0106 DAVID\u00a0 11. mjesto<br \/>\n-34 kg LAZARI\u0106 MASIMO\u00a0 7.mjesto<br \/>\n-38 kg BODUL MARKO 3. mjesto<br \/>\n-42 kg RADOLOVI\u0106 FRAN 1. mjesto<br \/>\n-42 kg MATO\u0160EVI\u0106 FABIAN 3. mjesto<br \/>\n+42 kg KRAJINOVI\u0106 ILIJAN 2. mjesto<\/p>\n<p><strong>GRUPA 2. DJEVOJ\u010cICE ro\u0111ene 2004,2005,2006 godine<\/strong><br \/>\n-24 kg DUJMOVI\u0106 ANA 1. mjesto<br \/>\n-24 kg LJUBI\u010cI\u0106 LARA 2. mjesto<br \/>\n-24 kg KUTI\u0106 ROMANA 3. mjesto<\/p>\n<p><strong>GRUPA 3. DJE\u010cACI ro\u0111eni\u00a0 2002,2003 godine<\/strong><br \/>\n-30 kg KUTI\u0106 VITO 3. mjesto<br \/>\n-34 kg RUDELA BORNA 5. mjesto<br \/>\n-42 kg ROJNI\u0106 DAVID 2. mjesto<br \/>\n-42 kg MUJAKI\u0106 AMEL 3. mjesto<br \/>\n-42 kg VUJICA BORIS 3. mjesto<br \/>\n-50 kg MUHI\u0106 ELDIN 1. mjesto<br \/>\n+50 kg MR\u0160I\u0106 IVAN 3. mjesto<br \/>\n+50 kg PERU\u0160KO KARLO 5. mjesto<\/p>\n<p><strong>GRUPA 4. DJEVOJ\u010cICE ro\u0111ene 2002,2003 godine<\/strong><br \/>\n-36 kg KORENI\u0106 TEA 2. mjesto<\/p>\n<p><strong>GRUPA 5. DJE\u010cACI ro\u0111eni 2000, 2001 godine<\/strong><br \/>\n-42 kg PETEH MANUEL 1. mjesto<br \/>\n-46 kg RADOLA VIKTOR 3. mjesto<br \/>\n-50 kg GALI\u0106 MATIJA 5. mjesto<br \/>\n-55 kg RADOLA ADRIAN 2. mjesto<br \/>\n+60 kg LUPETINA FRAN 3. mjesto<br \/>\n+60 kg PAVLI\u0106 FILIP 5. mjesto<br \/>\n+60 kg MATO\u0160EVI\u0106 BARTOL 7. mjesto<\/p>\n<p style=\"text-align: center;\"><a href=\"http:\/\/pulafit.hr\/wp\/?attachment_id=1306\" rel=\"attachment wp-att-1306\"><img decoding=\"async\" loading=\"lazy\" class=\"aligncenter size-full wp-image-1306\" alt=\"Ana_Lara_Romana 2013_Labin\" src=\"http:\/\/pulafit.hr\/wp\/wp-content\/uploads\/2013\/04\/Ana_Lara_Romana-2013_Labin.jpg\" width=\"500\" height=\"375\" srcset=\"http:\/\/pulafit.hr\/wp\/wp-content\/uploads\/2013\/04\/Ana_Lara_Romana-2013_Labin.jpg 500w, http:\/\/pulafit.hr\/wp\/wp-content\/uploads\/2013\/04\/Ana_Lara_Romana-2013_Labin-300x225.jpg 300w\" sizes=\"(max-width: 500px) 100vw, 500px\" \/><\/a><\/p>\n<p style=\"text-align: center;\">1.mj DUJMOVI\u0106 ANA , \u00a02. mj LJUBI\u010cI\u0106 LARA, 3.mj KUTI\u0106 ROMANA<\/p>\n<p>&nbsp;<\/p>\n","protected":false},"excerpt":{"rendered":"<p>\u010dlanovi judo kluba &#8221; Pulafit&#8221; Pula- me\u0111u\u017eupanijska judo liga Labin 2013. Dana 24.03.2013. godine u Labinu je odr\u017eano prvo kolo me\u0111u\u017eupanijske judo lige &#8221; IPPON 2013 &#8221; na ligi je nastupilo 8 klubova iz ( Istarsko &#8211; Primorsko goranske regije ) , a na\u0161 klub je nastupio sa 40 natjecatelja koji su postigli slijede\u0107e rezultate: [&hellip;]<\/p>\n","protected":false},"author":1,"featured_media":0,"comment_status":"closed","ping_status":"closed","sticky":false,"template":"","format":"standard","meta":[],"categories":[9],"tags":[],"_links":{"self":[{"href":"http:\/\/pulafit.hr\/wp\/index.php?rest_route=\/wp\/v2\/posts\/1304"}],"collection":[{"href":"http:\/\/pulafit.hr\/wp\/index.php?rest_route=\/wp\/v2\/posts"}],"about":[{"href":"http:\/\/pulafit.hr\/wp\/index.php?rest_route=\/wp\/v2\/types\/post"}],"author":[{"embeddable":true,"href":"http:\/\/pulafit.hr\/wp\/index.php?rest_route=\/wp\/v2\/users\/1"}],"replies":[{"embeddable":true,"href":"http:\/\/pulafit.hr\/wp\/index.php?rest_route=%2Fwp%2Fv2%2Fcomments&post=1304"}],"version-history":[{"count":3,"href":"http:\/\/pulafit.hr\/wp\/index.php?rest_route=\/wp\/v2\/posts\/1304\/revisions"}],"predecessor-version":[{"id":1311,"href":"http:\/\/pulafit.hr\/wp\/index.php?rest_route=\/wp\/v2\/posts\/1304\/revisions\/1311"}],"wp:attachment":[{"href":"http:\/\/pulafit.hr\/wp\/index.php?rest_route=%2Fwp%2Fv2%2Fmedia&parent=1304"}],"wp:term":[{"taxonomy":"category","embeddable":true,"href":"http:\/\/pulafit.hr\/wp\/index.php?rest_route=%2Fwp%2Fv2%2Fcategories&post=1304"},{"taxonomy":"post_tag","embeddable":true,"href":"http:\/\/pulafit.hr\/wp\/index.php?rest_route=%2Fwp%2Fv2%2Ftags&post=1304"}],"curies":[{"name":"wp","href":"https:\/\/api.w.org\/{rel}","templated":true}]}}