{"id":1487,"date":"2014-09-01T21:18:32","date_gmt":"2014-09-01T20:18:32","guid":{"rendered":"http:\/\/pulafit.hr\/wp\/?p=1487"},"modified":"2025-01-29T11:09:46","modified_gmt":"2025-01-29T09:09:46","slug":"treninzi-20142015-godina","status":"publish","type":"post","link":"http:\/\/pulafit.hr\/wp\/?p=1487","title":{"rendered":"TRENINZI 2025.\/2026. godina"},"content":{"rendered":"<p><img decoding=\"async\" loading=\"lazy\" class=\"aligncenter size-thumbnail wp-image-1040\" src=\"http:\/\/pulafit.hr\/wp\/wp-content\/uploads\/2011\/09\/judoka.bmp\" alt=\"judoka\" width=\"1\" height=\"1\"\/><\/p>\n<p style=\"text-align: center;\"><a href=\"http:\/\/pulafit.hr\/wp\/wp-content\/uploads\/2010\/08\/judo-bacanje.jpg\"><img decoding=\"async\" loading=\"lazy\" class=\"aligncenter size-thumbnail wp-image-824\" src=\"http:\/\/pulafit.hr\/wp\/wp-content\/uploads\/2010\/08\/judo-bacanje-150x150.jpg\" alt=\"judo bacanje\" width=\"150\" height=\"150\"\/><\/a><\/p>\n<div class=\"text_exposed_root text_exposed\" style=\"text-align: center;\">\n<div class=\"text_exposed_root text_exposed\">\n<div class=\"text_exposed_root text_exposed\"><strong>OBAVIJEST \u010cLANOVIMA KLUBA I ONIMA KOJI TO \u017dELE POSTATI:<\/strong><\/div>\n<\/div>\n<p>UPISI NOVIH \u010cLANOVA U VRIJEME TRENINGA ILI DOGOVORA SA TRENEROM.<\/p>\n<\/div>\n<p><strong>TRENINZI U DVORANI OD 02.01.2025. &#8211; PULA ,Trg 1. Istarske brigade 10\/III kat.<\/strong><\/p>\n<p><strong>PONEDJELJAK, SRIJEDA, PETAK<\/strong><br \/>\nGRUPA 2: NAPREDNA GRUPA &#8211; 18,30 &#8211; 19,50 sati<br \/>\nGRUPA 3: NATJECATELJSKA GRUPA &#8211; 20,00 &#8211; 21,30 satI<\/p>\n<p><strong>UTORAK, \u010cETVRTAK<\/strong><\/p>\n<p>GRUPA 1: &#8211;<span style=\"color: revert; font-size: revert; font-weight: revert;\">JUDO VRTI\u0106 &#8211; JUDO \u0160KOLA&nbsp; 18,00-19,00 sati<\/span><\/p>\n<p><span class=\"text_exposed_show\" style=\"color: revert; font-size: revert; font-weight: revert;\">19,30 &#8211; 20,30 sati &nbsp;&#8211; VJE\u017dBE SNAGE<\/span><\/p>\n<p><span style=\"font-size: revert; color: initial;\">20,30 &#8211; 21,30 sati&nbsp;&nbsp;JUDO REKREACIJA &#8211; KATA<\/span><\/p>\n<p><strong>SUBOTA:<\/strong><br \/>\n<span class=\"text_exposed_show\">09,00 -11,00 sati&nbsp;&nbsp;JUDO REKREACIJA &#8211; VJE\u017dBE SNAGE<\/span><\/p>\n<p><span class=\"userContent\" data-ft=\"{&quot;tn&quot;:&quot;K&quot;}\"><span class=\"userContent\" data-ft=\"{&quot;tn&quot;:&quot;K&quot;}\"><span class=\"text_exposed_show\"><strong>\u017dMINJ &#8211; dvorana osnovne \u0161kole od 07.01.2025. <\/strong><br \/>\nUTORAK I \u010cETVRTAK od 18,00-19,30 sati<\/span><\/span><\/span><\/p>\n<div class=\"text_exposed_root text_exposed\"><\/div>\n<div class=\"text_exposed_root text_exposed\" style=\"text-align: center;\">&nbsp;&nbsp;<strong>UPISI NOVIH \u010cLANOVA U VRIJEME TRENINGA ILI <\/strong><\/div>\n<div class=\"text_exposed_root text_exposed\" style=\"text-align: center;\"><strong>DOGOVORA SA TRENEROM.<\/strong><\/div>\n<div class=\"text_exposed_root text_exposed\"><strong>TRENERI:<\/strong><\/div>\n<div class=\"text_exposed_root text_exposed\"><strong>Anto PRGOMET, 7. DAN<\/strong><\/div>\n<div class=\"text_exposed_root text_exposed\"><strong>Martina PRGOMET, 4. DAN<\/strong><\/div>\n<div><strong>Manuel PETEH 1. DAN<\/strong><\/div>\n<div><strong>Vito KUTI\u0106, 1. DAN<\/strong><\/div>\n<div><strong>Nikola DRU\u017dETA , 1.DAN<\/strong><\/div>\n","protected":false},"excerpt":{"rendered":"<p>OBAVIJEST \u010cLANOVIMA KLUBA I ONIMA KOJI TO \u017dELE POSTATI: UPISI NOVIH \u010cLANOVA U VRIJEME TRENINGA ILI DOGOVORA SA TRENEROM. TRENINZI U DVORANI OD 02.01.2025. &#8211; PULA ,Trg 1. Istarske brigade 10\/III kat. PONEDJELJAK, SRIJEDA, PETAK GRUPA 2: NAPREDNA GRUPA &#8211; 18,30 &#8211; 19,50 sati GRUPA 3: NATJECATELJSKA GRUPA &#8211; 20,00 &#8211; 21,30 satI UTORAK, \u010cETVRTAK [&hellip;]<\/p>\n","protected":false},"author":1,"featured_media":0,"comment_status":"closed","ping_status":"closed","sticky":false,"template":"","format":"standard","meta":[],"categories":[30,31,10],"tags":[],"_links":{"self":[{"href":"http:\/\/pulafit.hr\/wp\/index.php?rest_route=\/wp\/v2\/posts\/1487"}],"collection":[{"href":"http:\/\/pulafit.hr\/wp\/index.php?rest_route=\/wp\/v2\/posts"}],"about":[{"href":"http:\/\/pulafit.hr\/wp\/index.php?rest_route=\/wp\/v2\/types\/post"}],"author":[{"embeddable":true,"href":"http:\/\/pulafit.hr\/wp\/index.php?rest_route=\/wp\/v2\/users\/1"}],"replies":[{"embeddable":true,"href":"http:\/\/pulafit.hr\/wp\/index.php?rest_route=%2Fwp%2Fv2%2Fcomments&post=1487"}],"version-history":[{"count":8,"href":"http:\/\/pulafit.hr\/wp\/index.php?rest_route=\/wp\/v2\/posts\/1487\/revisions"}],"predecessor-version":[{"id":1999,"href":"http:\/\/pulafit.hr\/wp\/index.php?rest_route=\/wp\/v2\/posts\/1487\/revisions\/1999"}],"wp:attachment":[{"href":"http:\/\/pulafit.hr\/wp\/index.php?rest_route=%2Fwp%2Fv2%2Fmedia&parent=1487"}],"wp:term":[{"taxonomy":"category","embeddable":true,"href":"http:\/\/pulafit.hr\/wp\/index.php?rest_route=%2Fwp%2Fv2%2Fcategories&post=1487"},{"taxonomy":"post_tag","embeddable":true,"href":"http:\/\/pulafit.hr\/wp\/index.php?rest_route=%2Fwp%2Fv2%2Ftags&post=1487"}],"curies":[{"name":"wp","href":"https:\/\/api.w.org\/{rel}","templated":true}]}}