{"id":291,"date":"2008-11-25T10:48:14","date_gmt":"2008-11-25T08:48:14","guid":{"rendered":"http:\/\/pulafit.hr\/wp\/?p=291"},"modified":"2008-12-15T16:15:32","modified_gmt":"2008-12-15T14:15:32","slug":"international-tournament-trisete-it","status":"publish","type":"post","link":"http:\/\/pulafit.hr\/wp\/?p=291","title":{"rendered":"International tournament Trieste-2008"},"content":{"rendered":"<p align=\"center\"><a href=\"http:\/\/pulafit.hr\/wp\/wp-content\/uploads\/2008\/11\/jk-pulafit_trst-2008.jpg\" title=\"jk-pulafit_trst-2008.jpg\"><img decoding=\"async\" src=\"http:\/\/pulafit.hr\/wp\/wp-content\/uploads\/2008\/11\/jk-pulafit_trst-2008.thumbnail.jpg\" alt=\"jk-pulafit_trst-2008.jpg\" \/><\/a>\u00a0\u00a0\u00a0<a href=\"http:\/\/pulafit.hr\/wp\/wp-content\/uploads\/2008\/11\/selekcija-judo-saveza-istre-2008_mladi-uzrast.jpg\" title=\"selekcija-judo-saveza-istre-2008_mladi-uzrast.jpg\"><img decoding=\"async\" src=\"http:\/\/pulafit.hr\/wp\/wp-content\/uploads\/2008\/11\/selekcija-judo-saveza-istre-2008_mladi-uzrast.thumbnail.jpg\" alt=\"selekcija-judo-saveza-istre-2008_mladi-uzrast.jpg\" \/><\/a>\u00a0 <a href=\"http:\/\/pulafit.hr\/wp\/wp-content\/uploads\/2008\/11\/jk-pulafit-trst-ii-dan-2008.jpg\" title=\"jk-pulafit-trst-ii-dan-2008.jpg\"><img decoding=\"async\" src=\"http:\/\/pulafit.hr\/wp\/wp-content\/uploads\/2008\/11\/jk-pulafit-trst-ii-dan-2008.thumbnail.jpg\" alt=\"jk-pulafit-trst-ii-dan-2008.jpg\" \/><\/a><\/p>\n<p>Dana 15. i 16. 11. 2008. godine u Trstu je odr\u017ean me\u0111unarodni turnir u okviru selekcije Judo saveza Istarske \u017eupanije nastupili su i na\u0161i \u010dlanovi koji su postigli slijede\u0107e rezultate:<\/p>\n<p>DJE\u010cACI r. 1996. godine<br \/>\n-38 kg VITASOVI\u0106 EDI &#8211; 9. mjesto<br \/>\n-60 kg \u0160KORAVI\u0106 ERIK &#8211; 2. mjesto<\/p>\n<p>MLA\u0110I KADETI r. 1995- 1994<br \/>\n-73 kg VITASOVI\u0106 TONI &#8211; 9. mjesto<\/p>\n<p>MLA\u0110E KADETKINJE r. 1995-1994<br \/>\n-44 kg KOSTE\u0160I\u0106 ROBIN &#8211; 2. mjesto<br \/>\n-52 kg PILJAN NIKA &#8211; 5. mjesto<br \/>\n-57 kg BE\u0160I\u0106 TEA &#8211; 2. mjesto<\/p>\n<p>KADETI r. 1992-1993 godine<br \/>\n-81 kg SABADO\u0160 BORIS -7.mjesto<\/p>\n<p>KADETKINJE r. 1992-1993 godine<br \/>\n-52 kg AVDOVI\u0106 SABINE &#8211; 3. mjesto<\/p>\n<p>JUNIORI r. 1991-1990 godine<br \/>\n-60 kg KMET BORNA &#8211; 7. mjesto<\/p>\n<p>JUNIORKE &amp; SENIORKE r. 1991 i starije<br \/>\n-63 kg PRGOMET ANITA- 5. mjesto<\/p>\n","protected":false},"excerpt":{"rendered":"<p>\u00a0\u00a0\u00a0\u00a0 Dana 15. i 16. 11. 2008. godine u Trstu je odr\u017ean me\u0111unarodni turnir u okviru selekcije Judo saveza Istarske \u017eupanije nastupili su i na\u0161i \u010dlanovi koji su postigli slijede\u0107e rezultate: DJE\u010cACI r. 1996. godine -38 kg VITASOVI\u0106 EDI &#8211; 9. mjesto -60 kg \u0160KORAVI\u0106 ERIK &#8211; 2. mjesto MLA\u0110I KADETI r. 1995- 1994 -73 [&hellip;]<\/p>\n","protected":false},"author":2,"featured_media":0,"comment_status":"open","ping_status":"open","sticky":false,"template":"","format":"standard","meta":[],"categories":[9],"tags":[],"_links":{"self":[{"href":"http:\/\/pulafit.hr\/wp\/index.php?rest_route=\/wp\/v2\/posts\/291"}],"collection":[{"href":"http:\/\/pulafit.hr\/wp\/index.php?rest_route=\/wp\/v2\/posts"}],"about":[{"href":"http:\/\/pulafit.hr\/wp\/index.php?rest_route=\/wp\/v2\/types\/post"}],"author":[{"embeddable":true,"href":"http:\/\/pulafit.hr\/wp\/index.php?rest_route=\/wp\/v2\/users\/2"}],"replies":[{"embeddable":true,"href":"http:\/\/pulafit.hr\/wp\/index.php?rest_route=%2Fwp%2Fv2%2Fcomments&post=291"}],"version-history":[{"count":0,"href":"http:\/\/pulafit.hr\/wp\/index.php?rest_route=\/wp\/v2\/posts\/291\/revisions"}],"wp:attachment":[{"href":"http:\/\/pulafit.hr\/wp\/index.php?rest_route=%2Fwp%2Fv2%2Fmedia&parent=291"}],"wp:term":[{"taxonomy":"category","embeddable":true,"href":"http:\/\/pulafit.hr\/wp\/index.php?rest_route=%2Fwp%2Fv2%2Fcategories&post=291"},{"taxonomy":"post_tag","embeddable":true,"href":"http:\/\/pulafit.hr\/wp\/index.php?rest_route=%2Fwp%2Fv2%2Ftags&post=291"}],"curies":[{"name":"wp","href":"https:\/\/api.w.org\/{rel}","templated":true}]}}