{"id":385,"date":"2009-02-24T09:13:13","date_gmt":"2009-02-24T07:13:13","guid":{"rendered":"http:\/\/pulafit.hr\/wp\/?p=385"},"modified":"2009-04-10T08:01:11","modified_gmt":"2009-04-10T06:01:11","slug":"izbor-sportasa-za-2008godinu","status":"publish","type":"post","link":"http:\/\/pulafit.hr\/wp\/?p=385","title":{"rendered":"Izbor sporta\u0161a za 2008.godinu"},"content":{"rendered":"<p align=\"center\"><a href=\"http:\/\/pulafit.hr\/wp\/wp-content\/uploads\/2009\/02\/sead-milan-soldatic-priznanje-za-2008-godinu.jpg\" title=\"sead-milan-soldatic-priznanje-za-2008-godinu.jpg\"><img decoding=\"async\" src=\"http:\/\/pulafit.hr\/wp\/wp-content\/uploads\/2009\/02\/sead-milan-soldatic-priznanje-za-2008-godinu.thumbnail.jpg\" alt=\"sead-milan-soldatic-priznanje-za-2008-godinu.jpg\" \/><\/a>\u00a0 \u00a0<img decoding=\"async\" src=\"http:\/\/pulafit.hr\/wp\/wp-content\/uploads\/2009\/02\/sportas-godine-grada-pule.thumbnail.jpg\" alt=\"sportas-godine-grada-pule.jpg\" \/>\u00a0 \u00a0<a href=\"http:\/\/pulafit.hr\/wp\/wp-content\/uploads\/2009\/02\/ekipa-pulafita-sa-priznanjem.jpg\" title=\"ekipa-pulafita-sa-priznanjem.jpg\"><img decoding=\"async\" src=\"http:\/\/pulafit.hr\/wp\/wp-content\/uploads\/2009\/02\/ekipa-pulafita-sa-priznanjem.thumbnail.jpg\" alt=\"ekipa-pulafita-sa-priznanjem.jpg\" \/><\/a><\/p>\n<p align=\"center\"><a href=\"http:\/\/pulafit.hr\/wp\/wp-content\/uploads\/2009\/02\/dobitnici-nagrada-za-2008.jpg\" title=\"dobitnici-nagrada-za-2008.jpg\"><img decoding=\"async\" src=\"http:\/\/pulafit.hr\/wp\/wp-content\/uploads\/2009\/02\/dobitnici-nagrada-za-2008.thumbnail.jpg\" alt=\"dobitnici-nagrada-za-2008.jpg\" \/><\/a>\u00a0\u00a0 <a href=\"http:\/\/pulafit.hr\/wp\/wp-content\/uploads\/2009\/02\/priznanje-jk-pulafitu-za-2008.jpg\" title=\"priznanje-jk-pulafitu-za-2008.jpg\"><img decoding=\"async\" src=\"http:\/\/pulafit.hr\/wp\/wp-content\/uploads\/2009\/02\/priznanje-jk-pulafitu-za-2008.thumbnail.jpg\" alt=\"priznanje-jk-pulafitu-za-2008.jpg\" \/><\/a><\/p>\n<p>Dana 20.02.2009. godine u organizaciji Saveza sportova grada Pule,\u00a0 \u00a0progla\u0161eni su najbolji sporta\u0161i i sporta\u0161ice te klubovi u mu\u0161koj i \u017eenskoj konkurenciji ,\u00a0 najperspektivniji\u00a0 mladi sporta\u0161i , te najuspje\u0161niji sporta\u0161i sa invaliditetom za 2008. godinu.<\/p>\n<p>\u00a0<strong>Posebno priznanje za vrhunski rezultat ostvaren u 2008. godini dobila je \u017eenska ekipa judo kluba Pulafit- zbog ostvarenog rezultata &#8211; osvojenog prvog mjesta u prvoj seniorskoj judo ligi za \u017eene, a priznanje je uru\u010dio Predsjednik Saveza sportova grada Pule Milan Sead Soldati\u0107.<\/strong><\/p>\n","protected":false},"excerpt":{"rendered":"<p>\u00a0 \u00a0\u00a0 \u00a0 \u00a0\u00a0 Dana 20.02.2009. godine u organizaciji Saveza sportova grada Pule,\u00a0 \u00a0progla\u0161eni su najbolji sporta\u0161i i sporta\u0161ice te klubovi u mu\u0161koj i \u017eenskoj konkurenciji ,\u00a0 najperspektivniji\u00a0 mladi sporta\u0161i , te najuspje\u0161niji sporta\u0161i sa invaliditetom za 2008. godinu. \u00a0Posebno priznanje za vrhunski rezultat ostvaren u 2008. godini dobila je \u017eenska ekipa judo kluba Pulafit- [&hellip;]<\/p>\n","protected":false},"author":1,"featured_media":0,"comment_status":"closed","ping_status":"closed","sticky":false,"template":"","format":"standard","meta":[],"categories":[10],"tags":[],"_links":{"self":[{"href":"http:\/\/pulafit.hr\/wp\/index.php?rest_route=\/wp\/v2\/posts\/385"}],"collection":[{"href":"http:\/\/pulafit.hr\/wp\/index.php?rest_route=\/wp\/v2\/posts"}],"about":[{"href":"http:\/\/pulafit.hr\/wp\/index.php?rest_route=\/wp\/v2\/types\/post"}],"author":[{"embeddable":true,"href":"http:\/\/pulafit.hr\/wp\/index.php?rest_route=\/wp\/v2\/users\/1"}],"replies":[{"embeddable":true,"href":"http:\/\/pulafit.hr\/wp\/index.php?rest_route=%2Fwp%2Fv2%2Fcomments&post=385"}],"version-history":[{"count":0,"href":"http:\/\/pulafit.hr\/wp\/index.php?rest_route=\/wp\/v2\/posts\/385\/revisions"}],"wp:attachment":[{"href":"http:\/\/pulafit.hr\/wp\/index.php?rest_route=%2Fwp%2Fv2%2Fmedia&parent=385"}],"wp:term":[{"taxonomy":"category","embeddable":true,"href":"http:\/\/pulafit.hr\/wp\/index.php?rest_route=%2Fwp%2Fv2%2Fcategories&post=385"},{"taxonomy":"post_tag","embeddable":true,"href":"http:\/\/pulafit.hr\/wp\/index.php?rest_route=%2Fwp%2Fv2%2Ftags&post=385"}],"curies":[{"name":"wp","href":"https:\/\/api.w.org\/{rel}","templated":true}]}}