{"id":443,"date":"2009-04-26T16:41:17","date_gmt":"2009-04-26T14:41:17","guid":{"rendered":"http:\/\/pulafit.hr\/wp\/archives\/443"},"modified":"2009-04-27T22:54:16","modified_gmt":"2009-04-27T20:54:16","slug":"kvalifikacije-za-prvenstvo-hrvatske-09","status":"publish","type":"post","link":"http:\/\/pulafit.hr\/wp\/?p=443","title":{"rendered":"Kvalifikacije za prvenstvo Hrvatske &#8217;09"},"content":{"rendered":"<p align=\"center\"><a href=\"http:\/\/pulafit.hr\/wp\/wp-content\/uploads\/2009\/04\/stefano-drzi-zahvat.jpg\" title=\"stefano-drzi-zahvat.jpg\"><img decoding=\"async\" src=\"http:\/\/pulafit.hr\/wp\/wp-content\/uploads\/2009\/04\/stefano-drzi-zahvat.thumbnail.jpg\" alt=\"stefano-drzi-zahvat.jpg\" \/><\/a>\u00a0\u00a0<a href=\"http:\/\/pulafit.hr\/wp\/wp-content\/uploads\/2009\/04\/jk-pulafit_kvalifikacije-za-ph-09.jpg\" title=\"jk-pulafit_kvalifikacije-za-ph-09.jpg\"><img decoding=\"async\" src=\"http:\/\/pulafit.hr\/wp\/wp-content\/uploads\/2009\/04\/jk-pulafit_kvalifikacije-za-ph-09.thumbnail.jpg\" alt=\"jk-pulafit_kvalifikacije-za-ph-09.jpg\" \/><\/a>\u00a0\u00a0<a href=\"http:\/\/pulafit.hr\/wp\/wp-content\/uploads\/2009\/04\/ema-u-akciji.jpg\" title=\"ema-u-akciji.jpg\"><img decoding=\"async\" src=\"http:\/\/pulafit.hr\/wp\/wp-content\/uploads\/2009\/04\/ema-u-akciji.thumbnail.jpg\" alt=\"ema-u-akciji.jpg\" \/><\/a><\/p>\n<p>Dana 25.04.2009. godine u Labinu su odr\u017eane kvalifikacije za prvenstvo hrvatske za dje\u010dake i djevoj\u010dice ro\u0111ene 1999,1998, 1997 godine, osvaja\u010di medalja su se kvlificirali za prvenstvo hrvatske koje \u0107e se odr\u017eati 09.05.2009. godine u Vinkovcima. Na kvalifikacijma smo nastupili sa 15 natjecatelja od kojih se njih 11 uspjelo kvalificirati za PH i to:<\/p>\n<p><strong>DJE\u010cACI r. 1999- 1997 godine<\/strong><br \/>\n-30 kg LUKA GRGORINI\u0106<br \/>\n-34 kg ANTONIO MILI\u010cEVI\u0106<br \/>\n-46 kg LEON DUBROJA<br \/>\n-50 kg STEFANO JUKOPILA<br \/>\n-55 kg TONI PERKOVI\u0106<br \/>\n+6o kg NIKOLA TOMA\u017dIN<br \/>\n+60 kg ALEX PAVLI\u0106<\/p>\n<p><strong>DJEVOJ\u010cICE r. 1999- 1997 godine<\/strong><br \/>\n-28 kg\u00a0ANA FLORI\u010cI\u0106<br \/>\n-36 kg HANA KUDUMOVI\u0106<br \/>\n-40 kg EMA VITASOVI\u0106<br \/>\n-52 kg \u00a0ANA SEVER<\/p>\n<p>Nisu se uspjeli kvalificirati: Mate Mar\u0161i\u0107, Mirko Paus, Ivona Kelava i Antonija Konovi\u0107 .<\/p>\n","protected":false},"excerpt":{"rendered":"<p>\u00a0\u00a0\u00a0\u00a0 Dana 25.04.2009. godine u Labinu su odr\u017eane kvalifikacije za prvenstvo hrvatske za dje\u010dake i djevoj\u010dice ro\u0111ene 1999,1998, 1997 godine, osvaja\u010di medalja su se kvlificirali za prvenstvo hrvatske koje \u0107e se odr\u017eati 09.05.2009. godine u Vinkovcima. Na kvalifikacijma smo nastupili sa 15 natjecatelja od kojih se njih 11 uspjelo kvalificirati za PH i to: DJE\u010cACI [&hellip;]<\/p>\n","protected":false},"author":1,"featured_media":0,"comment_status":"closed","ping_status":"closed","sticky":false,"template":"","format":"standard","meta":[],"categories":[9],"tags":[],"_links":{"self":[{"href":"http:\/\/pulafit.hr\/wp\/index.php?rest_route=\/wp\/v2\/posts\/443"}],"collection":[{"href":"http:\/\/pulafit.hr\/wp\/index.php?rest_route=\/wp\/v2\/posts"}],"about":[{"href":"http:\/\/pulafit.hr\/wp\/index.php?rest_route=\/wp\/v2\/types\/post"}],"author":[{"embeddable":true,"href":"http:\/\/pulafit.hr\/wp\/index.php?rest_route=\/wp\/v2\/users\/1"}],"replies":[{"embeddable":true,"href":"http:\/\/pulafit.hr\/wp\/index.php?rest_route=%2Fwp%2Fv2%2Fcomments&post=443"}],"version-history":[{"count":0,"href":"http:\/\/pulafit.hr\/wp\/index.php?rest_route=\/wp\/v2\/posts\/443\/revisions"}],"wp:attachment":[{"href":"http:\/\/pulafit.hr\/wp\/index.php?rest_route=%2Fwp%2Fv2%2Fmedia&parent=443"}],"wp:term":[{"taxonomy":"category","embeddable":true,"href":"http:\/\/pulafit.hr\/wp\/index.php?rest_route=%2Fwp%2Fv2%2Fcategories&post=443"},{"taxonomy":"post_tag","embeddable":true,"href":"http:\/\/pulafit.hr\/wp\/index.php?rest_route=%2Fwp%2Fv2%2Ftags&post=443"}],"curies":[{"name":"wp","href":"https:\/\/api.w.org\/{rel}","templated":true}]}}