{"id":483,"date":"2009-05-26T13:29:32","date_gmt":"2009-05-26T11:29:32","guid":{"rendered":"http:\/\/pulafit.hr\/wp\/?p=483"},"modified":"2009-05-26T13:29:32","modified_gmt":"2009-05-26T11:29:32","slug":"kup-drzavnosti-samobor-2009","status":"publish","type":"post","link":"http:\/\/pulafit.hr\/wp\/?p=483","title":{"rendered":"Kup Dr\u017eavnosti &#8211; Samobor 2009"},"content":{"rendered":"<p style=\"text-align: center;\"><img decoding=\"async\" loading=\"lazy\" class=\"aligncenter size-full wp-image-486\" title=\"jk-pulafit-i-jk-uchimata-samobor-230520091\" src=\"http:\/\/pulafit.hr\/wp\/wp-content\/uploads\/2009\/05\/jk-pulafit-i-jk-uchimata-samobor-230520091.jpg\" alt=\"jk-pulafit-i-jk-uchimata-samobor-230520091\" width=\"500\" height=\"375\" srcset=\"http:\/\/pulafit.hr\/wp\/wp-content\/uploads\/2009\/05\/jk-pulafit-i-jk-uchimata-samobor-230520091.jpg 500w, http:\/\/pulafit.hr\/wp\/wp-content\/uploads\/2009\/05\/jk-pulafit-i-jk-uchimata-samobor-230520091-300x225.jpg 300w\" sizes=\"(max-width: 500px) 100vw, 500px\" \/><\/p>\n<p>Dana 23. 05. 2009. godine u organizaciji Judo kluba &#8221; Samobor &#8221; u Samoboru je odr\u017ean Kup Dr\u017eavnosti na kojem su nastupila 25 klubova sa oko 289 natjecatelja. Na\u0161 klub su predstavljali \u010dlanovi judo sekcije Barban koji su postigli slijede\u0107e rezultate:<\/p>\n<p>DJEVOJ\u010cICE r. 2000 i mla\u0111e<br \/>\n-22 kg PRUSI\u0106 TIHANA &#8211; 1. mjesto<br \/>\n-25 kg PAUS ANA &#8211; 3. mjesto<br \/>\n+48 kg KAL\u010cI\u0106 NIKOLINA 1. mjesto<\/p>\n<p>DJE\u010cACI r. 2000 i mla\u0111i<br \/>\n&#8211; 30 kg LAZAR LOREN &#8211; 9. mjesto<br \/>\n+42 kg PAVLI\u0106 FILIP &#8211; 5. mjesto<\/p>\n<p>DJE\u010cACI r. 1999 godine<br \/>\n-30 kg GRGORINI\u0106 LUKA &#8211; 3. mjesto<br \/>\n-42 kg PAUS MIRKO &#8211; 7. mjesto<\/p>\n<p style=\"text-align: center;\"><img decoding=\"async\" loading=\"lazy\" class=\"aligncenter size-full wp-image-485\" title=\"osvajaci-medalja-u-samoboru\" src=\"http:\/\/pulafit.hr\/wp\/wp-content\/uploads\/2009\/05\/osvajaci-medalja-u-samoboru.jpg\" alt=\"osvajaci-medalja-u-samoboru\" width=\"500\" height=\"375\" srcset=\"http:\/\/pulafit.hr\/wp\/wp-content\/uploads\/2009\/05\/osvajaci-medalja-u-samoboru.jpg 500w, http:\/\/pulafit.hr\/wp\/wp-content\/uploads\/2009\/05\/osvajaci-medalja-u-samoboru-300x225.jpg 300w\" sizes=\"(max-width: 500px) 100vw, 500px\" \/><\/p>\n","protected":false},"excerpt":{"rendered":"<p>Dana 23. 05. 2009. godine u organizaciji Judo kluba &#8221; Samobor &#8221; u Samoboru je odr\u017ean Kup Dr\u017eavnosti na kojem su nastupila 25 klubova sa oko 289 natjecatelja. Na\u0161 klub su predstavljali \u010dlanovi judo sekcije Barban koji su postigli slijede\u0107e rezultate: DJEVOJ\u010cICE r. 2000 i mla\u0111e -22 kg PRUSI\u0106 TIHANA &#8211; 1. mjesto -25 kg [&hellip;]<\/p>\n","protected":false},"author":1,"featured_media":0,"comment_status":"open","ping_status":"open","sticky":false,"template":"","format":"standard","meta":[],"categories":[30,9],"tags":[],"_links":{"self":[{"href":"http:\/\/pulafit.hr\/wp\/index.php?rest_route=\/wp\/v2\/posts\/483"}],"collection":[{"href":"http:\/\/pulafit.hr\/wp\/index.php?rest_route=\/wp\/v2\/posts"}],"about":[{"href":"http:\/\/pulafit.hr\/wp\/index.php?rest_route=\/wp\/v2\/types\/post"}],"author":[{"embeddable":true,"href":"http:\/\/pulafit.hr\/wp\/index.php?rest_route=\/wp\/v2\/users\/1"}],"replies":[{"embeddable":true,"href":"http:\/\/pulafit.hr\/wp\/index.php?rest_route=%2Fwp%2Fv2%2Fcomments&post=483"}],"version-history":[{"count":1,"href":"http:\/\/pulafit.hr\/wp\/index.php?rest_route=\/wp\/v2\/posts\/483\/revisions"}],"predecessor-version":[{"id":487,"href":"http:\/\/pulafit.hr\/wp\/index.php?rest_route=\/wp\/v2\/posts\/483\/revisions\/487"}],"wp:attachment":[{"href":"http:\/\/pulafit.hr\/wp\/index.php?rest_route=%2Fwp%2Fv2%2Fmedia&parent=483"}],"wp:term":[{"taxonomy":"category","embeddable":true,"href":"http:\/\/pulafit.hr\/wp\/index.php?rest_route=%2Fwp%2Fv2%2Fcategories&post=483"},{"taxonomy":"post_tag","embeddable":true,"href":"http:\/\/pulafit.hr\/wp\/index.php?rest_route=%2Fwp%2Fv2%2Ftags&post=483"}],"curies":[{"name":"wp","href":"https:\/\/api.w.org\/{rel}","templated":true}]}}