{"id":534,"date":"2009-08-26T09:02:07","date_gmt":"2009-08-26T07:02:07","guid":{"rendered":"http:\/\/pulafit.hr\/wp\/?p=534"},"modified":"2009-10-19T11:36:58","modified_gmt":"2009-10-19T09:36:58","slug":"treninzi-jesen-2009","status":"publish","type":"post","link":"http:\/\/pulafit.hr\/wp\/?p=534","title":{"rendered":"Treninzi jesen &#8211; 2009."},"content":{"rendered":"<p><img decoding=\"async\" loading=\"lazy\" src=\"http:\/\/pulafit.hr\/wp\/wp-content\/uploads\/2009\/08\/anita-i-sabine-trening.jpg\" alt=\"anita-i-sabine-trening\" title=\"anita-i-sabine-trening\" width=\"500\" height=\"375\" class=\"aligncenter size-full wp-image-535\" srcset=\"http:\/\/pulafit.hr\/wp\/wp-content\/uploads\/2009\/08\/anita-i-sabine-trening.jpg 500w, http:\/\/pulafit.hr\/wp\/wp-content\/uploads\/2009\/08\/anita-i-sabine-trening-300x225.jpg 300w\" sizes=\"(max-width: 500px) 100vw, 500px\" \/><\/p>\n<p>            <strong>JUDO SEKCIJA BARBAN <\/strong><br \/>\n treninzi se odr\u017eavaju u Barbanu &#8220;stara osnovna \u0161kola&#8221; <\/p>\n<p>TRENERI : Anto Prgomet, 5. DAN  , Igor Jovi\u010di\u0107, 1. DAN<\/p>\n<p>PONEDJELJAK &#8211; 19,00 &#8211; 20,30 sati<br \/>\nSRIJEDA &#8211; 19,00. 20,30 sati<br \/>\nPETAK &#8211; 19,00-20,30 sati<\/p>\n<p> <strong>UPISI NA TRENING  I JUDO VRTI\u0106<\/strong> &#8211; djeca starija od 4 godine m\/\u017e<br \/>\n&#8211; za vrijeme treninga , sve ostalo u dogovoru sa trenerom<br \/>\n                  ____________________________________________________<\/p>\n<p> Dvorana kluba &#8211; Pula, Trg 1. Istarske brigade 10\/II &#8211; treninzi<br \/>\nPONEDJELJAK &#8211; SRIJEDA &#8211;  PETAK<br \/>\n18,00-19,15 sati &#8211; GRUPA 2 &#8211; trenerica  Sabine Avodovi\u0107 1. DAN<br \/>\n19,15-20,30 sati  &#8211; GRUPA 3 &#8211; trener Marko Peternelj 1. DAN<br \/>\n20,30-21,50 sati &#8211; GRUPA 4 &#8211; trener Sa\u0161a Radeti\u0107 1. DAN<\/p>\n<p>UTORAK &#8211; \u010cETVRTAK<br \/>\n18,00-19,15 sati  &#8211; GRUPA 1- JUDO VRTI\u0106 &#8211; trener Anto Prgomet 5. DAN<\/p>\n<p>UTORAK<br \/>\n19,15 &#8211; 20,45 trening rekreativaca &#8211; veterana &#8211; samoobrana trener Anto Prgomet 5. DAN<br \/>\n21,00 &#8211; 22,00 sata JUDO AEROBIC (\u017eene) &#8211; vodi Martina Prgomet<br \/>\n\u010cETVRTAK<br \/>\n19,15 &#8211; 20,45 sati  &#8211; GRUPA 3 i 4 &#8211;  trener Anto Prgomet 5. DAN<br \/>\n21,00 &#8211; 22,00 sata  JUDO  AEROBIC ( \u017eene) &#8211; vodi Martina Prgomet<\/p>\n<p><strong>JUTARNJI TRENINZI<\/strong><\/p>\n<p>UTORAK &#8211; \u010cETVRTAK<br \/>\n9,00 &#8211; 11,00 sati  jutarnji treninzi &#8211; TERETANA &#8211; ( prema dogovoru ) trener Anto Prgomet 5. DAN<\/p>\n<p>SUBOTA &#8211; 9,00 &#8211; 11,00 sati  individualni treninzi prema dogovoru sa trenerom<\/p>\n<p><strong>UPISI NOVIH \u010cLANOVA SVAKI DAN ZA VRIJEME TRENINGA. <\/strong> <\/p>\n","protected":false},"excerpt":{"rendered":"<p>JUDO SEKCIJA BARBAN treninzi se odr\u017eavaju u Barbanu &#8220;stara osnovna \u0161kola&#8221; TRENERI : Anto Prgomet, 5. DAN , Igor Jovi\u010di\u0107, 1. DAN PONEDJELJAK &#8211; 19,00 &#8211; 20,30 sati SRIJEDA &#8211; 19,00. 20,30 sati PETAK &#8211; 19,00-20,30 sati UPISI NA TRENING I JUDO VRTI\u0106 &#8211; djeca starija od 4 godine m\/\u017e &#8211; za vrijeme treninga , [&hellip;]<\/p>\n","protected":false},"author":1,"featured_media":0,"comment_status":"open","ping_status":"open","sticky":false,"template":"","format":"standard","meta":[],"categories":[30,10],"tags":[],"_links":{"self":[{"href":"http:\/\/pulafit.hr\/wp\/index.php?rest_route=\/wp\/v2\/posts\/534"}],"collection":[{"href":"http:\/\/pulafit.hr\/wp\/index.php?rest_route=\/wp\/v2\/posts"}],"about":[{"href":"http:\/\/pulafit.hr\/wp\/index.php?rest_route=\/wp\/v2\/types\/post"}],"author":[{"embeddable":true,"href":"http:\/\/pulafit.hr\/wp\/index.php?rest_route=\/wp\/v2\/users\/1"}],"replies":[{"embeddable":true,"href":"http:\/\/pulafit.hr\/wp\/index.php?rest_route=%2Fwp%2Fv2%2Fcomments&post=534"}],"version-history":[{"count":7,"href":"http:\/\/pulafit.hr\/wp\/index.php?rest_route=\/wp\/v2\/posts\/534\/revisions"}],"predecessor-version":[{"id":547,"href":"http:\/\/pulafit.hr\/wp\/index.php?rest_route=\/wp\/v2\/posts\/534\/revisions\/547"}],"wp:attachment":[{"href":"http:\/\/pulafit.hr\/wp\/index.php?rest_route=%2Fwp%2Fv2%2Fmedia&parent=534"}],"wp:term":[{"taxonomy":"category","embeddable":true,"href":"http:\/\/pulafit.hr\/wp\/index.php?rest_route=%2Fwp%2Fv2%2Fcategories&post=534"},{"taxonomy":"post_tag","embeddable":true,"href":"http:\/\/pulafit.hr\/wp\/index.php?rest_route=%2Fwp%2Fv2%2Ftags&post=534"}],"curies":[{"name":"wp","href":"https:\/\/api.w.org\/{rel}","templated":true}]}}