{"id":602,"date":"2009-12-14T09:48:18","date_gmt":"2009-12-14T07:48:18","guid":{"rendered":"http:\/\/pulafit.hr\/wp\/?p=602"},"modified":"2009-12-14T09:58:37","modified_gmt":"2009-12-14T07:58:37","slug":"shin-na-treningu","status":"publish","type":"post","link":"http:\/\/pulafit.hr\/wp\/?p=602","title":{"rendered":"Shin na treningu"},"content":{"rendered":"<p><a href=\"http:\/\/pulafit.hr\/wp\/wp-content\/uploads\/2009\/12\/shin-sa-judo-sekcija-zminj1.jpg\"><img decoding=\"async\" loading=\"lazy\" class=\"aligncenter size-full wp-image-604\" title=\"shin-sa-judo-sekcija-zminj1\" src=\"http:\/\/pulafit.hr\/wp\/wp-content\/uploads\/2009\/12\/shin-sa-judo-sekcija-zminj1.jpg\" alt=\"shin-sa-judo-sekcija-zminj1\" width=\"500\" height=\"375\" srcset=\"http:\/\/pulafit.hr\/wp\/wp-content\/uploads\/2009\/12\/shin-sa-judo-sekcija-zminj1.jpg 500w, http:\/\/pulafit.hr\/wp\/wp-content\/uploads\/2009\/12\/shin-sa-judo-sekcija-zminj1-300x225.jpg 300w\" sizes=\"(max-width: 500px) 100vw, 500px\" \/><\/a><\/p>\n<p>\u00a0<a href=\"http:\/\/pulafit.hr\/wp\/wp-content\/uploads\/2009\/12\/shin-sa-judo-sekcija-zminj.jpg\"><\/a>Dana 04. i 05.. 12. 2009. godine\u00a0 na\u0161 prijatelji\u00a0 Takahashi Shinichi &#8211; Shin odr\u017eao je trening sa judo sekcijom \u017dminj i judo sekcijom Barban.<\/p>\n<p>Hvala bilo je lijepo dru\u017eenje i nadamo se da \u0107e se na\u0161a suradnja jo\u0161\u00a0 nastaviti pozdrav Shinu.<\/p>\n<p><a href=\"http:\/\/pulafit.hr\/wp\/wp-content\/uploads\/2009\/12\/shin-sa-judo-sekcijom-barban.jpg\"><img decoding=\"async\" loading=\"lazy\" class=\"aligncenter size-full wp-image-605\" title=\"shin-sa-judo-sekcijom-barban\" src=\"http:\/\/pulafit.hr\/wp\/wp-content\/uploads\/2009\/12\/shin-sa-judo-sekcijom-barban.jpg\" alt=\"shin-sa-judo-sekcijom-barban\" width=\"500\" height=\"375\" srcset=\"http:\/\/pulafit.hr\/wp\/wp-content\/uploads\/2009\/12\/shin-sa-judo-sekcijom-barban.jpg 500w, http:\/\/pulafit.hr\/wp\/wp-content\/uploads\/2009\/12\/shin-sa-judo-sekcijom-barban-300x225.jpg 300w\" sizes=\"(max-width: 500px) 100vw, 500px\" \/><\/a><\/p>\n","protected":false},"excerpt":{"rendered":"<p>\u00a0Dana 04. i 05.. 12. 2009. godine\u00a0 na\u0161 prijatelji\u00a0 Takahashi Shinichi &#8211; Shin odr\u017eao je trening sa judo sekcijom \u017dminj i judo sekcijom Barban. Hvala bilo je lijepo dru\u017eenje i nadamo se da \u0107e se na\u0161a suradnja jo\u0161\u00a0 nastaviti pozdrav Shinu.<\/p>\n","protected":false},"author":1,"featured_media":0,"comment_status":"open","ping_status":"open","sticky":false,"template":"","format":"standard","meta":[],"categories":[10],"tags":[],"_links":{"self":[{"href":"http:\/\/pulafit.hr\/wp\/index.php?rest_route=\/wp\/v2\/posts\/602"}],"collection":[{"href":"http:\/\/pulafit.hr\/wp\/index.php?rest_route=\/wp\/v2\/posts"}],"about":[{"href":"http:\/\/pulafit.hr\/wp\/index.php?rest_route=\/wp\/v2\/types\/post"}],"author":[{"embeddable":true,"href":"http:\/\/pulafit.hr\/wp\/index.php?rest_route=\/wp\/v2\/users\/1"}],"replies":[{"embeddable":true,"href":"http:\/\/pulafit.hr\/wp\/index.php?rest_route=%2Fwp%2Fv2%2Fcomments&post=602"}],"version-history":[{"count":2,"href":"http:\/\/pulafit.hr\/wp\/index.php?rest_route=\/wp\/v2\/posts\/602\/revisions"}],"predecessor-version":[{"id":607,"href":"http:\/\/pulafit.hr\/wp\/index.php?rest_route=\/wp\/v2\/posts\/602\/revisions\/607"}],"wp:attachment":[{"href":"http:\/\/pulafit.hr\/wp\/index.php?rest_route=%2Fwp%2Fv2%2Fmedia&parent=602"}],"wp:term":[{"taxonomy":"category","embeddable":true,"href":"http:\/\/pulafit.hr\/wp\/index.php?rest_route=%2Fwp%2Fv2%2Fcategories&post=602"},{"taxonomy":"post_tag","embeddable":true,"href":"http:\/\/pulafit.hr\/wp\/index.php?rest_route=%2Fwp%2Fv2%2Ftags&post=602"}],"curies":[{"name":"wp","href":"https:\/\/api.w.org\/{rel}","templated":true}]}}