{"id":680,"date":"2010-04-13T21:46:46","date_gmt":"2010-04-13T20:46:46","guid":{"rendered":"http:\/\/pulafit.hr\/wp\/?p=680"},"modified":"2010-04-13T21:46:46","modified_gmt":"2010-04-13T20:46:46","slug":"prijem-kod-nacelnika-opcine-barban","status":"publish","type":"post","link":"http:\/\/pulafit.hr\/wp\/?p=680","title":{"rendered":"Prijem kod Na\u010delnika Op\u0107ine Barban"},"content":{"rendered":"<p style=\"text-align: center;\"><a href=\"http:\/\/pulafit.hr\/wp\/wp-content\/uploads\/2010\/04\/prijem-kod-nacelnika-opcine.jpg\"><img decoding=\"async\" loading=\"lazy\" class=\"aligncenter size-full wp-image-683\" title=\"prijem kod nacelnika opcine\" src=\"http:\/\/pulafit.hr\/wp\/wp-content\/uploads\/2010\/04\/prijem-kod-nacelnika-opcine.jpg\" alt=\"\" width=\"500\" height=\"375\" srcset=\"http:\/\/pulafit.hr\/wp\/wp-content\/uploads\/2010\/04\/prijem-kod-nacelnika-opcine.jpg 500w, http:\/\/pulafit.hr\/wp\/wp-content\/uploads\/2010\/04\/prijem-kod-nacelnika-opcine-300x225.jpg 300w\" sizes=\"(max-width: 500px) 100vw, 500px\" \/><\/a><\/p>\n<p>Dana 31. 03. 2010. godine gosp. Denis Konte\u0161i\u0107 Na\u010delnik Op\u0107ine Barban\u00a0\u00a0 u kojoj djeluje judo sekcija Barban &#8211; Judo kluba Pulafit Pula .Prijem je organiziran za osvaja\u010de dr\u017eavnih medalja Patrika Mravi\u010di\u0107a\u00a0 i Ivana Pavli\u0107a, koji su osvojili prvo i drugo mjesto na kadetskom prvenstvu Hrvatske u Duborvniku, \u00a0te za trenera Antu Prgometa. Na\u010delnik Op\u0107ine je istako\u00a0 izuzetno postignu\u0107e mladih judoka, te im u ime Op\u0107ine predao prigodni dar knjige , kao i nov\u010dane nagrade u izonsu 1000,00 i 700,00 kuna za usavr\u0161avanje i u\u010de\u0161\u0107e na me\u0111unarodnom judo kampu u Rovinju.<\/p>\n<p>Trener se zahvalio na\u010delniku na razumijevanju i omogu\u0107ivanju dobivanja prostora za judo treninge\u00a0 koji se sada\u00a0 odr\u017eavaju\u00a0u staroj osnovnoj \u0161koli u Barbanu, a koji sada omogu\u0107uju kvalitetniji rad i postizanje boljih rezultata.<\/p>\n","protected":false},"excerpt":{"rendered":"<p>Dana 31. 03. 2010. godine gosp. Denis Konte\u0161i\u0107 Na\u010delnik Op\u0107ine Barban\u00a0\u00a0 u kojoj djeluje judo sekcija Barban &#8211; Judo kluba Pulafit Pula .Prijem je organiziran za osvaja\u010de dr\u017eavnih medalja Patrika Mravi\u010di\u0107a\u00a0 i Ivana Pavli\u0107a, koji su osvojili prvo i drugo mjesto na kadetskom prvenstvu Hrvatske u Duborvniku, \u00a0te za trenera Antu Prgometa. Na\u010delnik Op\u0107ine je [&hellip;]<\/p>\n","protected":false},"author":1,"featured_media":0,"comment_status":"open","ping_status":"open","sticky":false,"template":"","format":"standard","meta":[],"categories":[30],"tags":[],"_links":{"self":[{"href":"http:\/\/pulafit.hr\/wp\/index.php?rest_route=\/wp\/v2\/posts\/680"}],"collection":[{"href":"http:\/\/pulafit.hr\/wp\/index.php?rest_route=\/wp\/v2\/posts"}],"about":[{"href":"http:\/\/pulafit.hr\/wp\/index.php?rest_route=\/wp\/v2\/types\/post"}],"author":[{"embeddable":true,"href":"http:\/\/pulafit.hr\/wp\/index.php?rest_route=\/wp\/v2\/users\/1"}],"replies":[{"embeddable":true,"href":"http:\/\/pulafit.hr\/wp\/index.php?rest_route=%2Fwp%2Fv2%2Fcomments&post=680"}],"version-history":[{"count":1,"href":"http:\/\/pulafit.hr\/wp\/index.php?rest_route=\/wp\/v2\/posts\/680\/revisions"}],"predecessor-version":[{"id":684,"href":"http:\/\/pulafit.hr\/wp\/index.php?rest_route=\/wp\/v2\/posts\/680\/revisions\/684"}],"wp:attachment":[{"href":"http:\/\/pulafit.hr\/wp\/index.php?rest_route=%2Fwp%2Fv2%2Fmedia&parent=680"}],"wp:term":[{"taxonomy":"category","embeddable":true,"href":"http:\/\/pulafit.hr\/wp\/index.php?rest_route=%2Fwp%2Fv2%2Fcategories&post=680"},{"taxonomy":"post_tag","embeddable":true,"href":"http:\/\/pulafit.hr\/wp\/index.php?rest_route=%2Fwp%2Fv2%2Ftags&post=680"}],"curies":[{"name":"wp","href":"https:\/\/api.w.org\/{rel}","templated":true}]}}