{"id":720,"date":"2010-04-20T13:44:16","date_gmt":"2010-04-20T12:44:16","guid":{"rendered":"http:\/\/pulafit.hr\/wp\/?p=720"},"modified":"2010-04-20T13:48:12","modified_gmt":"2010-04-20T12:48:12","slug":"skupstina-hrvatskog-judo-saveza","status":"publish","type":"post","link":"http:\/\/pulafit.hr\/wp\/?p=720","title":{"rendered":"Skup\u0161tina Hrvatskog judo saveza"},"content":{"rendered":"<p style=\"text-align: center;\"><a href=\"http:\/\/pulafit.hr\/wp\/wp-content\/uploads\/2010\/04\/promocija-Anto-Prgomet-6-DAN.jpg\"><img decoding=\"async\" loading=\"lazy\" class=\"aligncenter size-full wp-image-721\" title=\"promocija Anto Prgomet 6 DAN\" src=\"http:\/\/pulafit.hr\/wp\/wp-content\/uploads\/2010\/04\/promocija-Anto-Prgomet-6-DAN.jpg\" alt=\"\" width=\"500\" height=\"375\" srcset=\"http:\/\/pulafit.hr\/wp\/wp-content\/uploads\/2010\/04\/promocija-Anto-Prgomet-6-DAN.jpg 500w, http:\/\/pulafit.hr\/wp\/wp-content\/uploads\/2010\/04\/promocija-Anto-Prgomet-6-DAN-300x225.jpg 300w\" sizes=\"(max-width: 500px) 100vw, 500px\" \/><\/a><\/p>\n<p style=\"text-align: center;\"><strong>Predsjednica Hrvatskog judo saveza Dr. sc. Sanda \u010corak uru\u010duje diplomu za nositelja crveno bijelog pojasa 6. DAN Anti Prgomet\u00a0 <\/strong><\/p>\n<p>Dana 31. 03. 2010. godine u Zagrebu u hotelu &#8221; Panorama&#8221; odr\u017eana je redovna godi\u0161nja Skup\u0161tina za 2009. godinu.\u00a0 Uz dnevni red koji je usvojen jednoglasno usvojeni su i svi materijali predlo\u017eeni na Skup\u0161tini.\u00a0 U sklopu dnevnog reda izvr\u0161ena je i promocija u vi\u0161i majstorski DAN pojas ,\u00a0kandidata koji su svojim zalaganjem i promocijom doprinijeli razvoju i promociji Hrvatskog\u00a0 juda.<\/p>\n<p>Unositelja crveno bijelog pojasa VI DAN promoviran je Anto Prgomet &#8211; \u010dlan\u00a0 i Glavni \u00a0trener judo kluba\u00a0\u00a0&#8220;Pulafit&#8221; Pula \u00a0i IJF sudac , te trener judo kluba &#8221; Uchimata&#8221; Rovinj .<\/p>\n<p style=\"text-align: center;\"><a href=\"http:\/\/pulafit.hr\/wp\/wp-content\/uploads\/2010\/04\/Anto-Prgomet-6.-DAN1.jpg\"><img decoding=\"async\" loading=\"lazy\" class=\"aligncenter size-full wp-image-722\" title=\"Anto Prgomet 6. DAN\" src=\"http:\/\/pulafit.hr\/wp\/wp-content\/uploads\/2010\/04\/Anto-Prgomet-6.-DAN1.jpg\" alt=\"\" width=\"375\" height=\"500\" srcset=\"http:\/\/pulafit.hr\/wp\/wp-content\/uploads\/2010\/04\/Anto-Prgomet-6.-DAN1.jpg 375w, http:\/\/pulafit.hr\/wp\/wp-content\/uploads\/2010\/04\/Anto-Prgomet-6.-DAN1-225x300.jpg 225w\" sizes=\"(max-width: 375px) 100vw, 375px\" \/><\/a><\/p>\n","protected":false},"excerpt":{"rendered":"<p>Predsjednica Hrvatskog judo saveza Dr. sc. Sanda \u010corak uru\u010duje diplomu za nositelja crveno bijelog pojasa 6. DAN Anti Prgomet\u00a0 Dana 31. 03. 2010. godine u Zagrebu u hotelu &#8221; Panorama&#8221; odr\u017eana je redovna godi\u0161nja Skup\u0161tina za 2009. godinu.\u00a0 Uz dnevni red koji je usvojen jednoglasno usvojeni su i svi materijali predlo\u017eeni na Skup\u0161tini.\u00a0 U sklopu [&hellip;]<\/p>\n","protected":false},"author":1,"featured_media":0,"comment_status":"open","ping_status":"open","sticky":false,"template":"","format":"standard","meta":[],"categories":[10],"tags":[],"_links":{"self":[{"href":"http:\/\/pulafit.hr\/wp\/index.php?rest_route=\/wp\/v2\/posts\/720"}],"collection":[{"href":"http:\/\/pulafit.hr\/wp\/index.php?rest_route=\/wp\/v2\/posts"}],"about":[{"href":"http:\/\/pulafit.hr\/wp\/index.php?rest_route=\/wp\/v2\/types\/post"}],"author":[{"embeddable":true,"href":"http:\/\/pulafit.hr\/wp\/index.php?rest_route=\/wp\/v2\/users\/1"}],"replies":[{"embeddable":true,"href":"http:\/\/pulafit.hr\/wp\/index.php?rest_route=%2Fwp%2Fv2%2Fcomments&post=720"}],"version-history":[{"count":4,"href":"http:\/\/pulafit.hr\/wp\/index.php?rest_route=\/wp\/v2\/posts\/720\/revisions"}],"predecessor-version":[{"id":726,"href":"http:\/\/pulafit.hr\/wp\/index.php?rest_route=\/wp\/v2\/posts\/720\/revisions\/726"}],"wp:attachment":[{"href":"http:\/\/pulafit.hr\/wp\/index.php?rest_route=%2Fwp%2Fv2%2Fmedia&parent=720"}],"wp:term":[{"taxonomy":"category","embeddable":true,"href":"http:\/\/pulafit.hr\/wp\/index.php?rest_route=%2Fwp%2Fv2%2Fcategories&post=720"},{"taxonomy":"post_tag","embeddable":true,"href":"http:\/\/pulafit.hr\/wp\/index.php?rest_route=%2Fwp%2Fv2%2Ftags&post=720"}],"curies":[{"name":"wp","href":"https:\/\/api.w.org\/{rel}","templated":true}]}}