{"id":822,"date":"2010-08-30T18:54:11","date_gmt":"2010-08-30T17:54:11","guid":{"rendered":"http:\/\/pulafit.hr\/wp\/?p=822"},"modified":"2010-11-18T10:51:51","modified_gmt":"2010-11-18T09:51:51","slug":"raspored-treninga-2010-2011","status":"publish","type":"post","link":"http:\/\/pulafit.hr\/wp\/?p=822","title":{"rendered":"Raspored treninga  2010 \/ 2011."},"content":{"rendered":"<p style=\"text-align: center;\"><strong><a href=\"http:\/\/pulafit.hr\/wp\/wp-content\/uploads\/2010\/08\/judo-bacanje.jpg\"><img decoding=\"async\" loading=\"lazy\" class=\"aligncenter size-full wp-image-824\" title=\"judo bacanje\" src=\"http:\/\/pulafit.hr\/wp\/wp-content\/uploads\/2010\/08\/judo-bacanje.jpg\" alt=\"\" width=\"375\" height=\"468\" srcset=\"http:\/\/pulafit.hr\/wp\/wp-content\/uploads\/2010\/08\/judo-bacanje.jpg 375w, http:\/\/pulafit.hr\/wp\/wp-content\/uploads\/2010\/08\/judo-bacanje-240x300.jpg 240w\" sizes=\"(max-width: 375px) 100vw, 375px\" \/><\/a><\/strong><\/p>\n<p style=\"text-align: center;\"><strong>VR\u0160I SE UPIS NOVIH \u010cLANOVA <\/strong><strong>u judo \u0161kolu i judo vrti\u0107 svaki\u00a0dan od 18,00 sati .<\/strong><\/p>\n<p style=\"text-align: center;\"><strong>PO\u010cETAK TRENINGA U DVORANI<\/strong><\/p>\n<p style=\"text-align: center;\"><strong>06.09.2010. ( ponedjeljak )\u00a0 prema satnici pojedinih grupa.<\/strong><\/p>\n<p>Treninzi se i dalje odr\u017eavaju\u00a0 u dvorani\u00a0 Pula &#8211; Trg 1. Istarske brigade 10 \/II ( iznad Italuniona ) prema slijede\u0107em rasporedu:<\/p>\n<p><strong>PONEDJELJAK , SRIJEDA\u00a0i PETAK :<\/strong><br \/>\n\u00a0\u00a0\u00a0\u00a0\u00a0\u00a0\u00a0\u00a0\u00a0\u00a0\u00a0\u00a0\u00a0\u00a0\u00a0\u00a0\u00a0\u00a0\u00a0\u00a0\u00a0\u00a0\u00a0\u00a0\u00a018,00 &#8211; 19,00 sati\u00a0 grupa 2<br \/>\n\u00a0\u00a0\u00a0\u00a0\u00a0\u00a0\u00a0\u00a0\u00a0\u00a0\u00a0\u00a0\u00a0\u00a0\u00a0\u00a0\u00a0\u00a0\u00a0\u00a0\u00a0\u00a0\u00a0\u00a0\u00a019,00 &#8211; 20,15 sati grupa 3<br \/>\n\u00a0\u00a0\u00a0\u00a0\u00a0\u00a0\u00a0\u00a0\u00a0\u00a0\u00a0\u00a0\u00a0\u00a0\u00a0\u00a0\u00a0\u00a0\u00a0\u00a0\u00a0\u00a0\u00a0\u00a0\u00a020,15 &#8211; 22,00 sata grupa 4<\/p>\n<p><strong>UTORAK i \u010cETVRTAK \u00a0:<\/strong><br \/>\n\u00a0\u00a0\u00a0\u00a0\u00a0\u00a0\u00a0\u00a0\u00a0\u00a0\u00a0\u00a0\u00a0\u00a0\u00a0\u00a0\u00a0\u00a0\u00a0\u00a0\u00a0\u00a0 18,00 &#8211; 19,00 sati JUDO VRTI\u0106 &#8211; upis novih \u010dlanova<br \/>\n\u00a0\u00a0\u00a0\u00a0\u00a0\u00a0\u00a0\u00a0\u00a0\u00a0\u00a0\u00a0\u00a0\u00a0\u00a0\u00a0\u00a0\u00a0\u00a0\u00a0\u00a0\u00a0\u00a019,00 &#8211; 20,00 sati JUDO KATE , vje\u017ebanje tehnika za pojaseve<br \/>\n\u00a0\u00a0\u00a0\u00a0\u00a0\u00a0\u00a0\u00a0\u00a0\u00a0\u00a0\u00a0\u00a0\u00a0\u00a0\u00a0\u00a0\u00a0\u00a0\u00a0\u00a0 20,00 &#8211; 21,45 sati trening za \u017eensku ekipu<\/p>\n<p><strong>Individualni treninzi, i dopunski treninzi\u00a0i teretana &#8211; prema posebnom dogovoru sa trenerom\u00a0 ( jutarnji trening ).<\/strong><\/p>\n<p style=\"text-align: left;\">SUBOTA\u00a0i NEDJELJA &#8211; natjecanja.<\/p>\n<p style=\"text-align: center;\">Spisak po grupama\u00a0 bit \u0107e dostavljen trenerima.<\/p>\n<p style=\"text-align: left;\"><strong>TRENINZI SEKCIJA BARBAN -&#8221; stara osnovna \u0161kola&#8221;<\/strong><\/p>\n<p style=\"text-align: left;\">PONEDJELJAK , SRIJEDA i PETAK od 19,15 &#8211; 20,45 sati. &#8211; sve grupe i upisi novih \u010dlanova.<\/p>\n<p style=\"text-align: left;\"><strong>TRENINZI SEKCIJA \u017dMINJ &#8211; &#8221; sportska dvorana osnovne \u0161kole &#8220;<\/strong><\/p>\n<p style=\"text-align: left;\">PONEDJELJAK, SRIJEDA i PETAK 17,00- 18,30 sati &#8211; sve grupe i upisi novih \u010dlanova.<\/p>\n","protected":false},"excerpt":{"rendered":"<p>VR\u0160I SE UPIS NOVIH \u010cLANOVA u judo \u0161kolu i judo vrti\u0107 svaki\u00a0dan od 18,00 sati . PO\u010cETAK TRENINGA U DVORANI 06.09.2010. ( ponedjeljak )\u00a0 prema satnici pojedinih grupa. Treninzi se i dalje odr\u017eavaju\u00a0 u dvorani\u00a0 Pula &#8211; Trg 1. Istarske brigade 10 \/II ( iznad Italuniona ) prema slijede\u0107em rasporedu: PONEDJELJAK , SRIJEDA\u00a0i PETAK : [&hellip;]<\/p>\n","protected":false},"author":1,"featured_media":0,"comment_status":"closed","ping_status":"closed","sticky":false,"template":"","format":"standard","meta":[],"categories":[10],"tags":[],"_links":{"self":[{"href":"http:\/\/pulafit.hr\/wp\/index.php?rest_route=\/wp\/v2\/posts\/822"}],"collection":[{"href":"http:\/\/pulafit.hr\/wp\/index.php?rest_route=\/wp\/v2\/posts"}],"about":[{"href":"http:\/\/pulafit.hr\/wp\/index.php?rest_route=\/wp\/v2\/types\/post"}],"author":[{"embeddable":true,"href":"http:\/\/pulafit.hr\/wp\/index.php?rest_route=\/wp\/v2\/users\/1"}],"replies":[{"embeddable":true,"href":"http:\/\/pulafit.hr\/wp\/index.php?rest_route=%2Fwp%2Fv2%2Fcomments&post=822"}],"version-history":[{"count":6,"href":"http:\/\/pulafit.hr\/wp\/index.php?rest_route=\/wp\/v2\/posts\/822\/revisions"}],"predecessor-version":[{"id":826,"href":"http:\/\/pulafit.hr\/wp\/index.php?rest_route=\/wp\/v2\/posts\/822\/revisions\/826"}],"wp:attachment":[{"href":"http:\/\/pulafit.hr\/wp\/index.php?rest_route=%2Fwp%2Fv2%2Fmedia&parent=822"}],"wp:term":[{"taxonomy":"category","embeddable":true,"href":"http:\/\/pulafit.hr\/wp\/index.php?rest_route=%2Fwp%2Fv2%2Fcategories&post=822"},{"taxonomy":"post_tag","embeddable":true,"href":"http:\/\/pulafit.hr\/wp\/index.php?rest_route=%2Fwp%2Fv2%2Ftags&post=822"}],"curies":[{"name":"wp","href":"https:\/\/api.w.org\/{rel}","templated":true}]}}