{"id":915,"date":"2010-12-31T18:29:14","date_gmt":"2010-12-31T17:29:14","guid":{"rendered":"http:\/\/pulafit.hr\/wp\/?p=915"},"modified":"2010-12-31T19:12:01","modified_gmt":"2010-12-31T18:12:01","slug":"raspored-treninga-za-2011-godinu","status":"publish","type":"post","link":"http:\/\/pulafit.hr\/wp\/?p=915","title":{"rendered":"Raspored treninga  za  2011. godinu"},"content":{"rendered":"<div><strong>\u00a0<\/strong><!--\/post-title --><\/div>\n<div>\n<p style=\"text-align: center;\"><strong><a title=\"judo bacanje\" href=\"http:\/\/pulafit.hr\/wp\/wp-content\/uploads\/2010\/08\/judo-bacanje.jpg\"><img decoding=\"async\" loading=\"lazy\" title=\"judo bacanje\" src=\"http:\/\/pulafit.hr\/wp\/wp-content\/uploads\/2010\/08\/judo-bacanje.jpg\" alt=\"\" width=\"375\" height=\"468\" \/><\/a><\/strong><\/p>\n<p style=\"text-align: center;\"><strong>VR\u0160I SE UPIS NOVIH \u010cLANOVA <\/strong><strong>u judo \u0161kolu i judo vrti\u0107 svaki\u00a0dan od 18,00 sati .<\/strong><\/p>\n<p style=\"text-align: left;\"><strong>PO\u010cETAK TRENINGA U DVORANI &#8211; PULA<\/strong><\/p>\n<p style=\"text-align: center;\"><strong>10.01.2011. ( ponedjeljak )\u00a0 prema satnici pojedinih grupa.<\/strong><\/p>\n<p style=\"text-align: center;\">Treninzi se i dalje odr\u017eavaju\u00a0 u dvorani\u00a0 Pula \u2013 Trg 1. Istarske brigade 10 \/II ( iznad Italuniona ) prema slijede\u0107em rasporedu:<\/p>\n<p style=\"text-align: center;\"><strong>\u00a0\u00a0\u00a0\u00a0\u00a0\u00a0\u00a0\u00a0\u00a0\u00a0\u00a0\u00a0\u00a0\u00a0\u00a0\u00a0\u00a0\u00a0\u00a0\u00a0\u00a0\u00a0\u00a0\u00a0 PONEDJELJAK , SRIJEDA\u00a0i PETAK :<\/strong><br \/>\n\u00a0\u00a0\u00a0\u00a0\u00a0\u00a0\u00a0\u00a0\u00a0\u00a0\u00a0\u00a0\u00a0\u00a0\u00a0\u00a0\u00a0\u00a0\u00a0\u00a0\u00a0\u00a0\u00a0\u00a0\u00a018,00 \u2013 19,10 sati\u00a0 grupa 2 &#8211; \u00a0trenerica Sabine Avdovi\u0107,\u00a01. DAN<br \/>\n\u00a0\u00a0\u00a0\u00a0\u00a0\u00a0\u00a0\u00a0\u00a0\u00a0\u00a0\u00a0\u00a0\u00a0\u00a0\u00a0\u00a0\u00a0\u00a0\u00a0\u00a0\u00a0\u00a0\u00a0\u00a019,15 \u2013 20,25 sati grupa 3 &#8211; trener Anto Prgomet, 6. DAN<br \/>\n\u00a0\u00a0\u00a0\u00a0\u00a0\u00a0\u00a0\u00a0\u00a0\u00a0\u00a0\u00a0\u00a0\u00a0\u00a0\u00a0\u00a0\u00a0\u00a0\u00a0\u00a0\u00a0\u00a0\u00a0\u00a020,30 \u2013 21,50 sati grupa 4 &#8211; trener Anto Prgomet, 6. DAN<\/p>\n<p style=\"text-align: center;\"><strong>\u00a0\u00a0\u00a0\u00a0\u00a0\u00a0\u00a0\u00a0\u00a0 UTORAK i \u010cETVRTAK \u00a0:<\/strong><br \/>\n\u00a0\u00a0\u00a0\u00a0\u00a0\u00a0\u00a0\u00a0\u00a0\u00a0\u00a0\u00a0\u00a0\u00a0\u00a0\u00a0\u00a0\u00a0\u00a0\u00a0\u00a0\u00a0 18,00 \u2013 19,00 sati JUDO VRTI\u0106 \u2013 upis novih \u010dlanova\u00a0<br \/>\n\u00a0\u00a0\u00a0\u00a0\u00a0\u00a0\u00a0\u00a0\u00a0\u00a0\u00a0\u00a0\u00a0\u00a0\u00a0\u00a0\u00a0\u00a0\u00a0\u00a0\u00a0\u00a0\u00a019,05 \u2013 20,45 sati\u00a0 JUDO KATE\u00a0 i \u00a0vje\u017ebanje tehnika za pojaseve<br \/>\n\u00a0\u00a0\u00a0\u00a0\u00a0\u00a0\u00a0\u00a0\u00a0\u00a0\u00a0\u00a0\u00a0\u00a0\u00a0\u00a0\u00a0\u00a0\u00a0\u00a0\u00a0 21,00 \u2013 21,55 sati\u00a0 JUDO AEROBIK &#8211; trener Martina Prgomet Jovanovi\u0107<\/p>\n<p style=\"text-align: center;\"><strong>Individualni treninzi, i dopunski treninzi\u00a0i teretana \u2013 prema posebnom dogovoru sa trenerom\u00a0 ( jutarnji trening ).<\/strong><\/p>\n<p style=\"text-align: center;\">SUBOTA\u00a0i NEDJELJA \u2013 natjecanja.\u00a0 Spisak po grupama\u00a0 bit \u0107e dostavljen trenerima.<\/p>\n<p style=\"text-align: center;\">\u00a0<\/p>\n<p style=\"text-align: left;\"><strong>TRENINZI SEKCIJA BARBAN &#8211;\u00a0 \u201d stara osnovna \u0161kola\u201d &#8211;<\/strong> Trener Anto Prgomet, 6. DAN<\/p>\n<p style=\"text-align: center;\"><strong>PO\u010cETAK TRENINGA 11.01. 2011. godine<\/strong><\/p>\n<p style=\"text-align: center;\"><strong>UTORAK I \u010cETVRTAK<\/strong> \u00a0od 19,00 \u2013 21,00 sati. \u2013 sve grupe i upisi novih \u010dlanova.\u00a0<\/p>\n<p style=\"text-align: center;\"><strong>SUBOTA <\/strong>&#8211; jutarnji trening prema dogovoru<\/p>\n<p style=\"text-align: center;\">\u00a0<\/p>\n<p style=\"text-align: left;\"><strong>TRENINZI SEKCIJA \u017dMINJ \u2013 \u201d sportska dvorana osnovne \u0161kole \u201c <\/strong>Trener Anto Prgomet, 6. DAN<\/p>\n<p style=\"text-align: center;\"><strong>PO\u010cETAK TRENINGA 10.01.2011. GODINE<\/strong><\/p>\n<p style=\"text-align: center;\"><strong>PONEDJELJAK, SRIJEDA i PETAK<\/strong>\u00a0\u00a0 od 17,00- 18,30 sati \u2013 sve grupe i upisi novih \u010dlanova.<\/p>\n<\/div>\n","protected":false},"excerpt":{"rendered":"<p>\u00a0 VR\u0160I SE UPIS NOVIH \u010cLANOVA u judo \u0161kolu i judo vrti\u0107 svaki\u00a0dan od 18,00 sati . PO\u010cETAK TRENINGA U DVORANI &#8211; PULA 10.01.2011. ( ponedjeljak )\u00a0 prema satnici pojedinih grupa. Treninzi se i dalje odr\u017eavaju\u00a0 u dvorani\u00a0 Pula \u2013 Trg 1. Istarske brigade 10 \/II ( iznad Italuniona ) prema slijede\u0107em rasporedu: \u00a0\u00a0\u00a0\u00a0\u00a0\u00a0\u00a0\u00a0\u00a0\u00a0\u00a0\u00a0\u00a0\u00a0\u00a0\u00a0\u00a0\u00a0\u00a0\u00a0\u00a0\u00a0\u00a0\u00a0 PONEDJELJAK [&hellip;]<\/p>\n","protected":false},"author":1,"featured_media":0,"comment_status":"open","ping_status":"open","sticky":false,"template":"","format":"standard","meta":[],"categories":[30,31,10],"tags":[],"_links":{"self":[{"href":"http:\/\/pulafit.hr\/wp\/index.php?rest_route=\/wp\/v2\/posts\/915"}],"collection":[{"href":"http:\/\/pulafit.hr\/wp\/index.php?rest_route=\/wp\/v2\/posts"}],"about":[{"href":"http:\/\/pulafit.hr\/wp\/index.php?rest_route=\/wp\/v2\/types\/post"}],"author":[{"embeddable":true,"href":"http:\/\/pulafit.hr\/wp\/index.php?rest_route=\/wp\/v2\/users\/1"}],"replies":[{"embeddable":true,"href":"http:\/\/pulafit.hr\/wp\/index.php?rest_route=%2Fwp%2Fv2%2Fcomments&post=915"}],"version-history":[{"count":7,"href":"http:\/\/pulafit.hr\/wp\/index.php?rest_route=\/wp\/v2\/posts\/915\/revisions"}],"predecessor-version":[{"id":922,"href":"http:\/\/pulafit.hr\/wp\/index.php?rest_route=\/wp\/v2\/posts\/915\/revisions\/922"}],"wp:attachment":[{"href":"http:\/\/pulafit.hr\/wp\/index.php?rest_route=%2Fwp%2Fv2%2Fmedia&parent=915"}],"wp:term":[{"taxonomy":"category","embeddable":true,"href":"http:\/\/pulafit.hr\/wp\/index.php?rest_route=%2Fwp%2Fv2%2Fcategories&post=915"},{"taxonomy":"post_tag","embeddable":true,"href":"http:\/\/pulafit.hr\/wp\/index.php?rest_route=%2Fwp%2Fv2%2Ftags&post=915"}],"curies":[{"name":"wp","href":"https:\/\/api.w.org\/{rel}","templated":true}]}}